{"id":341,"date":"2024-12-20T14:14:56","date_gmt":"2024-12-20T13:14:56","guid":{"rendered":"https:\/\/labirynt.com\/100lat\/?p=341"},"modified":"2024-12-23T08:13:30","modified_gmt":"2024-12-23T07:13:30","slug":"klaudia-figura","status":"publish","type":"post","link":"https:\/\/labirynt.com\/100lat\/klaudia-figura\/","title":{"rendered":"Klaudia Figura"},"content":{"rendered":"<p>Klaudia Figura, \u201eAgainst authorities\u201d, olej, kredki i pastele na p\u0142\u00f3tnie, 2024, 200 \u00d7 130 cm<br \/>\nKlaudia Figura, \u201eUntitled\u201d<br \/>\nfot. Wojciech Pacewicz<\/p>\n<p><img loading=\"lazy\" decoding=\"async\" class=\"alignleft wp-image-342 size-large\" src=\"https:\/\/labirynt.com\/100lat\/wp-content\/uploads\/2024\/12\/DSC01446-1024x683.jpg\" alt=\"\" width=\"1024\" height=\"683\" srcset=\"https:\/\/labirynt.com\/100lat\/wp-content\/uploads\/2024\/12\/DSC01446-1024x683.jpg 1024w, https:\/\/labirynt.com\/100lat\/wp-content\/uploads\/2024\/12\/DSC01446-300x200.jpg 300w, https:\/\/labirynt.com\/100lat\/wp-content\/uploads\/2024\/12\/DSC01446-768x512.jpg 768w, https:\/\/labirynt.com\/100lat\/wp-content\/uploads\/2024\/12\/DSC01446-1536x1024.jpg 1536w, https:\/\/labirynt.com\/100lat\/wp-content\/uploads\/2024\/12\/DSC01446-2048x1365.jpg 2048w\" sizes=\"auto, (max-width: 1024px) 100vw, 1024px\" \/> <img loading=\"lazy\" decoding=\"async\" class=\"alignleft wp-image-343 size-large\" src=\"https:\/\/labirynt.com\/100lat\/wp-content\/uploads\/2024\/12\/DSC01545-1024x683.jpg\" alt=\"\" width=\"1024\" height=\"683\" srcset=\"https:\/\/labirynt.com\/100lat\/wp-content\/uploads\/2024\/12\/DSC01545-1024x683.jpg 1024w, https:\/\/labirynt.com\/100lat\/wp-content\/uploads\/2024\/12\/DSC01545-300x200.jpg 300w, https:\/\/labirynt.com\/100lat\/wp-content\/uploads\/2024\/12\/DSC01545-768x512.jpg 768w, https:\/\/labirynt.com\/100lat\/wp-content\/uploads\/2024\/12\/DSC01545-1536x1024.jpg 1536w, https:\/\/labirynt.com\/100lat\/wp-content\/uploads\/2024\/12\/DSC01545-2048x1365.jpg 2048w\" sizes=\"auto, (max-width: 1024px) 100vw, 1024px\" \/><\/p>\n","protected":false},"excerpt":{"rendered":"<p>Klaudia Figura, \u201eAgainst authorities\u201d, olej, kredki i pastele na p\u0142\u00f3tnie, 2024, 200 \u00d7 130 cm Klaudia Figura, \u201eUntitled\u201d fot. Wojciech Pacewicz<\/p>\n","protected":false},"author":2,"featured_media":342,"comment_status":"closed","ping_status":"open","sticky":false,"template":"","format":"standard","meta":{"inline_featured_image":false,"footnotes":""},"categories":[8,10,1],"tags":[],"class_list":["post-341","post","type-post","status-publish","format-standard","has-post-thumbnail","hentry","category-50plus","category-blisko-ciemnosci","category-osoby-artystyczne"],"_links":{"self":[{"href":"https:\/\/labirynt.com\/100lat\/wp-json\/wp\/v2\/posts\/341","targetHints":{"allow":["GET"]}}],"collection":[{"href":"https:\/\/labirynt.com\/100lat\/wp-json\/wp\/v2\/posts"}],"about":[{"href":"https:\/\/labirynt.com\/100lat\/wp-json\/wp\/v2\/types\/post"}],"author":[{"embeddable":true,"href":"https:\/\/labirynt.com\/100lat\/wp-json\/wp\/v2\/users\/2"}],"replies":[{"embeddable":true,"href":"https:\/\/labirynt.com\/100lat\/wp-json\/wp\/v2\/comments?post=341"}],"version-history":[{"count":2,"href":"https:\/\/labirynt.com\/100lat\/wp-json\/wp\/v2\/posts\/341\/revisions"}],"predecessor-version":[{"id":445,"href":"https:\/\/labirynt.com\/100lat\/wp-json\/wp\/v2\/posts\/341\/revisions\/445"}],"wp:featuredmedia":[{"embeddable":true,"href":"https:\/\/labirynt.com\/100lat\/wp-json\/wp\/v2\/media\/342"}],"wp:attachment":[{"href":"https:\/\/labirynt.com\/100lat\/wp-json\/wp\/v2\/media?parent=341"}],"wp:term":[{"taxonomy":"category","embeddable":true,"href":"https:\/\/labirynt.com\/100lat\/wp-json\/wp\/v2\/categories?post=341"},{"taxonomy":"post_tag","embeddable":true,"href":"https:\/\/labirynt.com\/100lat\/wp-json\/wp\/v2\/tags?post=341"}],"curies":[{"name":"wp","href":"https:\/\/api.w.org\/{rel}","templated":true}]}}