{"id":511,"date":"2024-12-23T11:20:26","date_gmt":"2024-12-23T10:20:26","guid":{"rendered":"https:\/\/labirynt.com\/100lat\/?p=511"},"modified":"2024-12-23T11:20:26","modified_gmt":"2024-12-23T10:20:26","slug":"maciej-nowacki","status":"publish","type":"post","link":"https:\/\/labirynt.com\/100lat\/maciej-nowacki\/","title":{"rendered":"Maciej Nowacki"},"content":{"rendered":"<p>Maciej Nowacki, \u201ebez tytu\u0142u (Nikita)\u201d, akryl na p\u0142\u00f3tnie, 50 \u00d7 65 cm, 2024<br \/>\n\u201ebez tytu\u0142u (Nikita &amp; Dana)\u201d, akryl na p\u0142\u00f3tnie, 65 \u00d7 85 cm, 2024<\/p>\n<p>fot. Wojciech Pacewicz<\/p>\n<p><img loading=\"lazy\" decoding=\"async\" class=\"alignleft wp-image-513 size-large\" src=\"https:\/\/labirynt.com\/100lat\/wp-content\/uploads\/2024\/12\/DSC01309-1024x683.jpg\" alt=\"\" width=\"1024\" height=\"683\" srcset=\"https:\/\/labirynt.com\/100lat\/wp-content\/uploads\/2024\/12\/DSC01309-1024x683.jpg 1024w, https:\/\/labirynt.com\/100lat\/wp-content\/uploads\/2024\/12\/DSC01309-300x200.jpg 300w, https:\/\/labirynt.com\/100lat\/wp-content\/uploads\/2024\/12\/DSC01309-768x512.jpg 768w, https:\/\/labirynt.com\/100lat\/wp-content\/uploads\/2024\/12\/DSC01309-1536x1024.jpg 1536w, https:\/\/labirynt.com\/100lat\/wp-content\/uploads\/2024\/12\/DSC01309-2048x1365.jpg 2048w\" sizes=\"auto, (max-width: 1024px) 100vw, 1024px\" \/><img loading=\"lazy\" decoding=\"async\" class=\"alignleft wp-image-512 size-large\" src=\"https:\/\/labirynt.com\/100lat\/wp-content\/uploads\/2024\/12\/DSC01301-1024x683.jpg\" alt=\"\" width=\"1024\" height=\"683\" srcset=\"https:\/\/labirynt.com\/100lat\/wp-content\/uploads\/2024\/12\/DSC01301-1024x683.jpg 1024w, https:\/\/labirynt.com\/100lat\/wp-content\/uploads\/2024\/12\/DSC01301-300x200.jpg 300w, https:\/\/labirynt.com\/100lat\/wp-content\/uploads\/2024\/12\/DSC01301-768x512.jpg 768w, https:\/\/labirynt.com\/100lat\/wp-content\/uploads\/2024\/12\/DSC01301-1536x1024.jpg 1536w, https:\/\/labirynt.com\/100lat\/wp-content\/uploads\/2024\/12\/DSC01301-2048x1365.jpg 2048w\" sizes=\"auto, (max-width: 1024px) 100vw, 1024px\" \/><\/p>\n","protected":false},"excerpt":{"rendered":"<p>Maciej Nowacki, \u201ebez tytu\u0142u (Nikita)\u201d, akryl na p\u0142\u00f3tnie, 50 \u00d7 65 cm, 2024 \u201ebez tytu\u0142u (Nikita &amp; Dana)\u201d, akryl na p\u0142\u00f3tnie, 65 \u00d7 85 cm, 2024 fot. Wojciech Pacewicz<\/p>\n","protected":false},"author":2,"featured_media":0,"comment_status":"closed","ping_status":"open","sticky":false,"template":"","format":"standard","meta":{"inline_featured_image":false,"footnotes":""},"categories":[8,9,1],"tags":[],"class_list":["post-511","post","type-post","status-publish","format-standard","hentry","category-50plus","category-open-call","category-osoby-artystyczne"],"_links":{"self":[{"href":"https:\/\/labirynt.com\/100lat\/wp-json\/wp\/v2\/posts\/511","targetHints":{"allow":["GET"]}}],"collection":[{"href":"https:\/\/labirynt.com\/100lat\/wp-json\/wp\/v2\/posts"}],"about":[{"href":"https:\/\/labirynt.com\/100lat\/wp-json\/wp\/v2\/types\/post"}],"author":[{"embeddable":true,"href":"https:\/\/labirynt.com\/100lat\/wp-json\/wp\/v2\/users\/2"}],"replies":[{"embeddable":true,"href":"https:\/\/labirynt.com\/100lat\/wp-json\/wp\/v2\/comments?post=511"}],"version-history":[{"count":1,"href":"https:\/\/labirynt.com\/100lat\/wp-json\/wp\/v2\/posts\/511\/revisions"}],"predecessor-version":[{"id":514,"href":"https:\/\/labirynt.com\/100lat\/wp-json\/wp\/v2\/posts\/511\/revisions\/514"}],"wp:attachment":[{"href":"https:\/\/labirynt.com\/100lat\/wp-json\/wp\/v2\/media?parent=511"}],"wp:term":[{"taxonomy":"category","embeddable":true,"href":"https:\/\/labirynt.com\/100lat\/wp-json\/wp\/v2\/categories?post=511"},{"taxonomy":"post_tag","embeddable":true,"href":"https:\/\/labirynt.com\/100lat\/wp-json\/wp\/v2\/tags?post=511"}],"curies":[{"name":"wp","href":"https:\/\/api.w.org\/{rel}","templated":true}]}}