{"id":55,"date":"2024-12-18T09:20:05","date_gmt":"2024-12-18T08:20:05","guid":{"rendered":"https:\/\/labirynt.com\/100lat\/?p=55"},"modified":"2024-12-18T10:42:45","modified_gmt":"2024-12-18T09:42:45","slug":"miroslaw-balka","status":"publish","type":"post","link":"https:\/\/labirynt.com\/100lat\/miroslaw-balka\/","title":{"rendered":"Miros\u0142aw Ba\u0142ka"},"content":{"rendered":"<p>Miros\u0142aw Ba\u0142ka \u201ebes-sennosh-ch\u201d, rze\u017aba, 1935\/2012, igliwie<br \/>\nfot. Wojciech Pacewicz<\/p>\n<p><img loading=\"lazy\" decoding=\"async\" class=\"alignleft wp-image-76 size-large\" src=\"https:\/\/labirynt.com\/100lat\/wp-content\/uploads\/2024\/12\/100-lat-w-Labiryncie-fot.-Wojciech-Pacewicz-4-1024x683.jpg\" alt=\"\" width=\"1024\" height=\"683\" srcset=\"https:\/\/labirynt.com\/100lat\/wp-content\/uploads\/2024\/12\/100-lat-w-Labiryncie-fot.-Wojciech-Pacewicz-4-1024x683.jpg 1024w, https:\/\/labirynt.com\/100lat\/wp-content\/uploads\/2024\/12\/100-lat-w-Labiryncie-fot.-Wojciech-Pacewicz-4-300x200.jpg 300w, https:\/\/labirynt.com\/100lat\/wp-content\/uploads\/2024\/12\/100-lat-w-Labiryncie-fot.-Wojciech-Pacewicz-4-768x512.jpg 768w, https:\/\/labirynt.com\/100lat\/wp-content\/uploads\/2024\/12\/100-lat-w-Labiryncie-fot.-Wojciech-Pacewicz-4-1536x1024.jpg 1536w, https:\/\/labirynt.com\/100lat\/wp-content\/uploads\/2024\/12\/100-lat-w-Labiryncie-fot.-Wojciech-Pacewicz-4-2048x1365.jpg 2048w\" sizes=\"auto, (max-width: 1024px) 100vw, 1024px\" \/> <img loading=\"lazy\" decoding=\"async\" class=\"alignleft wp-image-77 size-large\" src=\"https:\/\/labirynt.com\/100lat\/wp-content\/uploads\/2024\/12\/100-lat-w-Labiryncie-fot.-Wojciech-Pacewicz-5-1024x683.jpg\" alt=\"\" width=\"1024\" height=\"683\" srcset=\"https:\/\/labirynt.com\/100lat\/wp-content\/uploads\/2024\/12\/100-lat-w-Labiryncie-fot.-Wojciech-Pacewicz-5-1024x683.jpg 1024w, https:\/\/labirynt.com\/100lat\/wp-content\/uploads\/2024\/12\/100-lat-w-Labiryncie-fot.-Wojciech-Pacewicz-5-300x200.jpg 300w, https:\/\/labirynt.com\/100lat\/wp-content\/uploads\/2024\/12\/100-lat-w-Labiryncie-fot.-Wojciech-Pacewicz-5-768x512.jpg 768w, https:\/\/labirynt.com\/100lat\/wp-content\/uploads\/2024\/12\/100-lat-w-Labiryncie-fot.-Wojciech-Pacewicz-5-1536x1024.jpg 1536w, https:\/\/labirynt.com\/100lat\/wp-content\/uploads\/2024\/12\/100-lat-w-Labiryncie-fot.-Wojciech-Pacewicz-5-2048x1365.jpg 2048w\" sizes=\"auto, (max-width: 1024px) 100vw, 1024px\" \/><\/p>\n","protected":false},"excerpt":{"rendered":"<p>Miros\u0142aw Ba\u0142ka \u201ebes-sennosh-ch\u201d, rze\u017aba, 1935\/2012, igliwie fot. Wojciech Pacewicz<\/p>\n","protected":false},"author":2,"featured_media":77,"comment_status":"closed","ping_status":"open","sticky":false,"template":"","format":"standard","meta":{"inline_featured_image":false,"footnotes":""},"categories":[5,1],"tags":[],"class_list":["post-55","post","type-post","status-publish","format-standard","has-post-thumbnail","hentry","category-5","category-osoby-artystyczne"],"_links":{"self":[{"href":"https:\/\/labirynt.com\/100lat\/wp-json\/wp\/v2\/posts\/55","targetHints":{"allow":["GET"]}}],"collection":[{"href":"https:\/\/labirynt.com\/100lat\/wp-json\/wp\/v2\/posts"}],"about":[{"href":"https:\/\/labirynt.com\/100lat\/wp-json\/wp\/v2\/types\/post"}],"author":[{"embeddable":true,"href":"https:\/\/labirynt.com\/100lat\/wp-json\/wp\/v2\/users\/2"}],"replies":[{"embeddable":true,"href":"https:\/\/labirynt.com\/100lat\/wp-json\/wp\/v2\/comments?post=55"}],"version-history":[{"count":3,"href":"https:\/\/labirynt.com\/100lat\/wp-json\/wp\/v2\/posts\/55\/revisions"}],"predecessor-version":[{"id":78,"href":"https:\/\/labirynt.com\/100lat\/wp-json\/wp\/v2\/posts\/55\/revisions\/78"}],"wp:featuredmedia":[{"embeddable":true,"href":"https:\/\/labirynt.com\/100lat\/wp-json\/wp\/v2\/media\/77"}],"wp:attachment":[{"href":"https:\/\/labirynt.com\/100lat\/wp-json\/wp\/v2\/media?parent=55"}],"wp:term":[{"taxonomy":"category","embeddable":true,"href":"https:\/\/labirynt.com\/100lat\/wp-json\/wp\/v2\/categories?post=55"},{"taxonomy":"post_tag","embeddable":true,"href":"https:\/\/labirynt.com\/100lat\/wp-json\/wp\/v2\/tags?post=55"}],"curies":[{"name":"wp","href":"https:\/\/api.w.org\/{rel}","templated":true}]}}