{"id":165,"date":"2025-11-24T17:37:06","date_gmt":"2025-11-24T16:37:06","guid":{"rendered":"https:\/\/labirynt.com\/differentplaces\/?p=165"},"modified":"2026-02-09T14:21:48","modified_gmt":"2026-02-09T13:21:48","slug":"jacek-malinowski","status":"publish","type":"post","link":"https:\/\/labirynt.com\/differentplaces\/jacek-malinowski\/","title":{"rendered":"Jacek Malinowski"},"content":{"rendered":"\n<p><strong>Jacek Malinowski<br>Expos\u00e9 2019-2025<\/strong><\/p>\n\n\n\n<p>W tym niemal godzinnym filmie artysta wykorzystuje znan\u0105 z telewizji poetyk\u0119 przem\u00f3wie\u0144 sejmowych. Tytu\u0142owe \u201eexpos\u00e9\u201d, czyli programowa przemowa wyg\u0142aszana przez premiera z okazji powo\u0142ania nowego rz\u0105du to sta\u0142y element medialnej rzeczywisto\u015bci. U Jacka Malinowskiego odwrotnie ni\u017c zazwyczaj ma ona charakter podsumowania. Czego? Najpro\u015bciej m\u00f3wi\u0105c, niechlubnej dzia\u0142alno\u015bci cz\u0142owieka.<\/p>\n\n\n\n<p>M\u00f3wca, pokazany na tle typowej dla takich przem\u00f3w scenerii, zabiera si\u0119 za podsumowanie \u201eProjektu ludzkiego\u201d, przedsi\u0119wzi\u0119cia pojawienia si\u0119 na Ziemi gatunku Homo sapiens \u2013 cz\u0142owieka, z definicji, rozumnego, wszystko\u017cernego i wszechobecnego. Wsp\u00f3\u0142cze\u015bnie znalaz\u0142 si\u0119 on w punkcie krytycznym, pytanie jednak, czy je\u015bli grozi nam wygini\u0119cie, oka\u017ce si\u0119 to katastrof\u0105 czy b\u0142ogos\u0142awie\u0144stwem dla \u015bwiata? Jak wygl\u0105da bilans zysk\u00f3w i strat w r\u00f3\u017cnych aspektach naszego istnienia? Czy \u201eProjekt ludzki\u201d w og\u00f3le jest wart kontynuowania?<\/p>\n\n\n\n<p>Bezlitosna i humorystyczna narracja prowadzi nas przez tysi\u0105ce lat istnienia rodzaju ludzkiego, od polowa\u0144 i wzajemnego iskania si\u0119 w jaskiniach po plany podboju kosmosu. Kim jest cz\u0142owiek wsp\u00f3\u0142czesny? Artysta nie pozostawia z\u0142udze\u0144, nazywaj\u0105c go \u201egatunkiem kuriozalnym\u201d, osobnikiem, o skrajnie siedz\u0105cym trybie \u017cycia, kt\u00f3ry z przestrzeni kanapy kontempluje zbli\u017caj\u0105c\u0105 si\u0119 klimatyczn\u0105 zag\u0142ad\u0119 i \u017cegluje po przestworzach cyber\u015bwiata. Jest to te\u017c gatunek, kt\u00f3ry si\u0119 nie uczy \u2013 logika nakazywa\u0142aby my\u015ble\u0107, \u017ce pok\u00f3j jest lepszy od wojny, ale nie potrafimy si\u0119 wyzby\u0107 tendencji do ekspansji i podboj\u00f3w. Niestety i ten zas\u00f3b si\u0119 powoli ko\u0144czy. \u201ePoza ziemi\u0105 nie znajdziemy ani nowych przyjaci\u00f3\u0142, ani nowych wrog\u00f3w. Musimy szuka\u0107 ich mi\u0119dzy sob\u0105\u201d \u2013 pada z m\u00f3wnicy.<\/p>\n\n\n\n<figure class=\"wp-block-gallery has-nested-images columns-default is-cropped wp-block-gallery-1 is-layout-flex wp-block-gallery-is-layout-flex\">\n<figure class=\"wp-block-image size-large\"><a href=\"https:\/\/labirynt.com\/differentplaces\/wp-content\/uploads\/2025\/11\/14-scaled.jpg\"><img loading=\"lazy\" decoding=\"async\" width=\"1024\" height=\"614\" data-id=\"279\" src=\"https:\/\/labirynt.com\/differentplaces\/wp-content\/uploads\/2025\/11\/14-1024x614.jpg\" alt=\"\" class=\"wp-image-279\" srcset=\"https:\/\/labirynt.com\/differentplaces\/wp-content\/uploads\/2025\/11\/14-1024x614.jpg 1024w, https:\/\/labirynt.com\/differentplaces\/wp-content\/uploads\/2025\/11\/14-300x180.jpg 300w, https:\/\/labirynt.com\/differentplaces\/wp-content\/uploads\/2025\/11\/14-768x461.jpg 768w, https:\/\/labirynt.com\/differentplaces\/wp-content\/uploads\/2025\/11\/14-1536x922.jpg 1536w, https:\/\/labirynt.com\/differentplaces\/wp-content\/uploads\/2025\/11\/14-2048x1229.jpg 2048w\" sizes=\"auto, (max-width: 1024px) 100vw, 1024px\" \/><\/a><figcaption class=\"wp-element-caption\">Jacek Malinowski<br>Expose, wideo, d\u017awi\u0119k, ksi\u0105\u017cka, 2019-2025<br>fot. Solomiia Kozolup<\/figcaption><\/figure>\n<\/figure>\n","protected":false},"excerpt":{"rendered":"<p>Jacek MalinowskiExpos\u00e9 2019-2025 W tym niemal godzinnym filmie artysta wykorzystuje znan\u0105 z telewizji poetyk\u0119 przem\u00f3wie\u0144 sejmowych. Tytu\u0142owe \u201eexpos\u00e9\u201d, czyli programowa przemowa wyg\u0142aszana przez premiera z okazji powo\u0142ania nowego rz\u0105du to sta\u0142y element medialnej rzeczywisto\u015bci. U Jacka Malinowskiego odwrotnie ni\u017c zazwyczaj ma ona charakter podsumowania. Czego? Najpro\u015bciej m\u00f3wi\u0105c, niechlubnej dzia\u0142alno\u015bci cz\u0142owieka. M\u00f3wca, pokazany na tle typowej [&hellip;]<\/p>\n","protected":false},"author":2,"featured_media":0,"comment_status":"open","ping_status":"open","sticky":false,"template":"","format":"standard","meta":{"footnotes":""},"categories":[1],"tags":[],"class_list":["post-165","post","type-post","status-publish","format-standard","hentry","category-bez-kategorii"],"_links":{"self":[{"href":"https:\/\/labirynt.com\/differentplaces\/wp-json\/wp\/v2\/posts\/165","targetHints":{"allow":["GET"]}}],"collection":[{"href":"https:\/\/labirynt.com\/differentplaces\/wp-json\/wp\/v2\/posts"}],"about":[{"href":"https:\/\/labirynt.com\/differentplaces\/wp-json\/wp\/v2\/types\/post"}],"author":[{"embeddable":true,"href":"https:\/\/labirynt.com\/differentplaces\/wp-json\/wp\/v2\/users\/2"}],"replies":[{"embeddable":true,"href":"https:\/\/labirynt.com\/differentplaces\/wp-json\/wp\/v2\/comments?post=165"}],"version-history":[{"count":3,"href":"https:\/\/labirynt.com\/differentplaces\/wp-json\/wp\/v2\/posts\/165\/revisions"}],"predecessor-version":[{"id":381,"href":"https:\/\/labirynt.com\/differentplaces\/wp-json\/wp\/v2\/posts\/165\/revisions\/381"}],"wp:attachment":[{"href":"https:\/\/labirynt.com\/differentplaces\/wp-json\/wp\/v2\/media?parent=165"}],"wp:term":[{"taxonomy":"category","embeddable":true,"href":"https:\/\/labirynt.com\/differentplaces\/wp-json\/wp\/v2\/categories?post=165"},{"taxonomy":"post_tag","embeddable":true,"href":"https:\/\/labirynt.com\/differentplaces\/wp-json\/wp\/v2\/tags?post=165"}],"curies":[{"name":"wp","href":"https:\/\/api.w.org\/{rel}","templated":true}]}}