{"id":22,"date":"2025-11-24T17:41:59","date_gmt":"2025-11-24T16:41:59","guid":{"rendered":"https:\/\/labirynt.com\/differentplaces\/?p=22"},"modified":"2026-02-09T14:21:09","modified_gmt":"2026-02-09T13:21:09","slug":"ivan-svitlychnyi","status":"publish","type":"post","link":"https:\/\/labirynt.com\/differentplaces\/ivan-svitlychnyi\/","title":{"rendered":"Ivan Svitlychnyi"},"content":{"rendered":"\n<p>Ivan Svitlychnyi<br>ur. 1988, Chark\u00f3w<br><\/p>\n\n\n\n<p>NIE\u015aMIA\u0141O\u015a\u0106 KORONY<br>2024\u20132025<br>z udzia\u0142em: Oksana Barshynova, Pawel Boguszewski, Alla Zagaykevych, Anna \u0141azar, Lera Polianskova, Ivan Svitlychnyi, Tomasz Stryjek<br><\/p>\n\n\n\n<p>Artysta nowych medi\u00f3w, d\u017awi\u0119ku i sztuki naukowej. Ivan Svitlychnyi aktywnie uczestniczy w rozwoju ukrai\u0144skiego \u015brodowiska nowych medi\u00f3w. W 2013 roku wraz z Ler\u0105 Polianskov\u0105 i Maxem Robotovem za\u0142o\u017cy\u0142 przestrze\u0144 wystawiennicz\u0105 dedykowan\u0105 niezale\u017cnym artystom i kuratorom. Kolejnym ich przedsi\u0119wzi\u0119ciem w 2018 roku by\u0142a Photinus \u2013 spo\u0142eczno\u015b\u0107 po\u015bwi\u0119cona rozwojowi sztuki nowych medi\u00f3w w Ukrainie oraz Photinus School \u2013 platforma edukacyjna dzia\u0142aj\u0105ca na wz\u00f3r pracowni artystycznej.<\/p>\n\n\n\n<p>\u201eNie\u015bmia\u0142o\u015b\u0107 korony\u201d to zjawisko obserwowane u niekt\u00f3rych gatunk\u00f3w drzew, kt\u00f3rych korony, mimo pe\u0142nego rozwoju, nie dotykaj\u0105 si\u0119 wzajemnie, tworz\u0105c baldachim z wyra\u017anymi kana\u0142ami-szczelinami.<\/p>\n\n\n\n<p>Projekt zosta\u0142 stworzony specjalnie na potrzeby wystawy, w oparciu o seminarium zorganizowane w 2024 roku w Gda\u0144sku, w Domu Literatury. Seminarium zrealizowano z inicjatywy Anny Lazar, \u00f3wczesnej kuratorki mi\u0119dzynarodowego programu wsp\u00f3\u0142pracy artystycznej \u201eWolne S\u0142owo\u201d w ramach projektu \u201eGda\u0144sk \u2013 Miasto Literatury\u201d. Jego tematem przewodnim by\u0142a sztuka, jej j\u0119zyk i konteksty istnienia.<\/p>\n\n\n\n<p>Ludob\u00f3jstwo, przemoc, samoorganizacja, korupcja, wysi\u0142ek wsp\u00f3lnotowy i zapobieganie \u015bmierciom w wyniku rosyjskiej agresji zbrojnej s\u0105 nap\u0119dzane propagand\u0105. Chodzi o rodzaj iluzji, kt\u00f3ra zosta\u0142a nam podrzucona jako \u015bwiat\u0142o odbite. To iluzja, kt\u00f3r\u0105 obna\u017cy\u0142a wojna. Po rozpadzie ZSRR nie spojrzeli\u015bmy wstecz, nie byli\u015bmy krytyczni, pr\u00f3bowali\u015bmy znale\u017a\u0107 co\u015b pozytywnego i ponownie zaanga\u017cowali\u015bmy w legitymizacj\u0119. Nie po\u015bwi\u0119cili\u015bmy czasu na rozszyfrowanie metodologii dzia\u0142ania tego systemu i ponownie w niego wpadli\u015bmy. (Anna Lazar)<\/p>\n\n\n\n<p>U podstaw audiowizualnej instalacji Ivana Svitlychnego le\u017c\u0105 teksty z seminarium \u2013 od bezpo\u015brednich nagra\u0144 audio po przetworzone tezy.<\/p>\n\n\n\n<p>Uczestniczki_cy projektu:<\/p>\n\n\n\n<p>Anna \u0141azar \u2013 kuratorka, inicjatorka i realizatorka projekt\u00f3w z zakresu wsp\u00f3\u0142czesnej kultury, t\u0142umaczka, wyk\u0142adowczyni studi\u00f3w doktoranckich w Instytucie Sztuki Polskiej Akademii Nauk. Od 2025 roku \u2013 dyrektorka CSW Zamek Ujazdowski w Warszawie.<\/p>\n\n\n\n<p>Alla Zagaykevych \u2013 ukrai\u0144ska kompozytorka wsp\u00f3\u0142czesnej muzyki klasycznej, wykonawczyni, kuratorka projekt\u00f3w elektroakustycznych i muzykolo\u017cka. Prezeska Stowarzyszenia Muzyki Elektroakustycznej Ukrainy (od 2010), laureatka nagrody \u201eZ\u0142ota Dzyga\u201d Ukrai\u0144skiej Akademii Filmowej dla najlepszego kompozytora (2017).<\/p>\n\n\n\n<p>Pawel M. Boguszewski \u2013 doktor nauk biologicznych, neurobiolog w Centrum Neurobiologii w Instytucie Marcelego Nenckiego Polskiej Akademii Nauk, bada mechanizmy zachowania i emocji oraz ich neuronalne korelaty w modelach wykorzystywanych w badaniach podstawowych i biomedycznych.<\/p>\n\n\n\n<p>Oksana Barshynova \u2013 zast\u0119pczyni dyrektora generalnego Narodowego Muzeum Sztuki Ukrainy ds. wystaw, historyczka sztuki, kuratorka. Jej zainteresowania badawcze obejmuj\u0105 histori\u0119 wsp\u00f3\u0142czesnej sztuki ukrai\u0144skiej drugiej po\u0142owy XX i pocz\u0105tku XXI wieku, kolekcjonerstwo i badania nad sztuk\u0105 wsp\u00f3\u0142czesn\u0105.<\/p>\n\n\n\n<p>Tomasz Stryjek \u2013 dr hab. nauk o polityce, historyk, kierownik Zak\u0142adu Bada\u0144 nad Histori\u0105 i Pami\u0119ci\u0105 Europy Wschodniej w Instytucie Studi\u00f3w Politycznych PAN, wyk\u0142adowca Collegium Civitas. Zajmuje si\u0119 ideologiami narodowymi, politykami pami\u0119ci i kulturami historycznymi pa\u0144stw Europy \u015arodkowej i Wschodniej.<\/p>\n\n\n\n<p>Lera Polianskova \u2013 artystka nowych medi\u00f3w, kuratorka. W 2008 roku rozpocz\u0119\u0142a wsp\u00f3\u0142prac\u0119 z Maxem Robotovem, razem stworzyli grup\u0119 artystyczn\u0105 SVITER, zajmuj\u0105c\u0105 si\u0119 muzyk\u0105 i sztuk\u0105 nowych medi\u00f3w.<\/p>\n\n\n\n<figure class=\"wp-block-gallery has-nested-images columns-default is-cropped wp-block-gallery-1 is-layout-flex wp-block-gallery-is-layout-flex\">\n<figure class=\"wp-block-image size-large\"><a href=\"https:\/\/labirynt.com\/differentplaces\/wp-content\/uploads\/2025\/11\/12-scaled.jpg\"><img loading=\"lazy\" decoding=\"async\" width=\"614\" height=\"1024\" data-id=\"348\" src=\"https:\/\/labirynt.com\/differentplaces\/wp-content\/uploads\/2025\/11\/12-614x1024.jpg\" alt=\"\" class=\"wp-image-348\" srcset=\"https:\/\/labirynt.com\/differentplaces\/wp-content\/uploads\/2025\/11\/12-614x1024.jpg 614w, https:\/\/labirynt.com\/differentplaces\/wp-content\/uploads\/2025\/11\/12-180x300.jpg 180w, https:\/\/labirynt.com\/differentplaces\/wp-content\/uploads\/2025\/11\/12-768x1280.jpg 768w, https:\/\/labirynt.com\/differentplaces\/wp-content\/uploads\/2025\/11\/12-922x1536.jpg 922w, https:\/\/labirynt.com\/differentplaces\/wp-content\/uploads\/2025\/11\/12-1229x2048.jpg 1229w, https:\/\/labirynt.com\/differentplaces\/wp-content\/uploads\/2025\/11\/12-scaled.jpg 1536w\" sizes=\"auto, (max-width: 614px) 100vw, 614px\" \/><\/a><figcaption class=\"wp-element-caption\">Ivan Svitlychnyi<br>Shyness of the Crown. Instalacja, tkanina, wideo, d\u017awi\u0119k, 2023\u20132025<br>(z udzia\u0142em: Oksana Barshynova, Pavel Bohushevskyi, Alla Zahikevych, Anna \u0141azar, Lera Polianskova,<br>Tomasz Stryjek)<br>fot. Solomiia Kozolup<\/figcaption><\/figure>\n<\/figure>\n","protected":false},"excerpt":{"rendered":"<p>Ivan Svitlychnyiur. 1988, Chark\u00f3w NIE\u015aMIA\u0141O\u015a\u0106 KORONY2024\u20132025z udzia\u0142em: Oksana Barshynova, Pawel Boguszewski, Alla Zagaykevych, Anna \u0141azar, Lera Polianskova, Ivan Svitlychnyi, Tomasz Stryjek Artysta nowych medi\u00f3w, d\u017awi\u0119ku i sztuki naukowej. Ivan Svitlychnyi aktywnie uczestniczy w rozwoju ukrai\u0144skiego \u015brodowiska nowych medi\u00f3w. W 2013 roku wraz z Ler\u0105 Polianskov\u0105 i Maxem Robotovem za\u0142o\u017cy\u0142 przestrze\u0144 wystawiennicz\u0105 dedykowan\u0105 niezale\u017cnym artystom i [&hellip;]<\/p>\n","protected":false},"author":1,"featured_media":0,"comment_status":"open","ping_status":"open","sticky":false,"template":"","format":"standard","meta":{"footnotes":""},"categories":[1],"tags":[],"class_list":["post-22","post","type-post","status-publish","format-standard","hentry","category-bez-kategorii"],"_links":{"self":[{"href":"https:\/\/labirynt.com\/differentplaces\/wp-json\/wp\/v2\/posts\/22","targetHints":{"allow":["GET"]}}],"collection":[{"href":"https:\/\/labirynt.com\/differentplaces\/wp-json\/wp\/v2\/posts"}],"about":[{"href":"https:\/\/labirynt.com\/differentplaces\/wp-json\/wp\/v2\/types\/post"}],"author":[{"embeddable":true,"href":"https:\/\/labirynt.com\/differentplaces\/wp-json\/wp\/v2\/users\/1"}],"replies":[{"embeddable":true,"href":"https:\/\/labirynt.com\/differentplaces\/wp-json\/wp\/v2\/comments?post=22"}],"version-history":[{"count":4,"href":"https:\/\/labirynt.com\/differentplaces\/wp-json\/wp\/v2\/posts\/22\/revisions"}],"predecessor-version":[{"id":380,"href":"https:\/\/labirynt.com\/differentplaces\/wp-json\/wp\/v2\/posts\/22\/revisions\/380"}],"wp:attachment":[{"href":"https:\/\/labirynt.com\/differentplaces\/wp-json\/wp\/v2\/media?parent=22"}],"wp:term":[{"taxonomy":"category","embeddable":true,"href":"https:\/\/labirynt.com\/differentplaces\/wp-json\/wp\/v2\/categories?post=22"},{"taxonomy":"post_tag","embeddable":true,"href":"https:\/\/labirynt.com\/differentplaces\/wp-json\/wp\/v2\/tags?post=22"}],"curies":[{"name":"wp","href":"https:\/\/api.w.org\/{rel}","templated":true}]}}