{"id":45,"date":"2025-09-25T22:31:27","date_gmt":"2025-09-25T20:31:27","guid":{"rendered":"https:\/\/labirynt.com\/voicesfromukraine\/?p=45"},"modified":"2025-10-15T13:11:03","modified_gmt":"2025-10-15T11:11:03","slug":"bohdan-bunchuk","status":"publish","type":"post","link":"https:\/\/labirynt.com\/voicesfromukraine\/bohdan-bunchuk\/","title":{"rendered":"Bohdan Bunchak"},"content":{"rendered":"\n<h2 class=\"wp-block-heading\"><strong>Bohdan Bunchak<\/strong><\/h2>\n\n\n\n<p><strong><br>\u201eKto by Nam poszed\u0142?\u201d, 2024, wideo z d\u017awi\u0119kiem, 10\u2032<\/strong><\/p>\n\n\n\n<p><br>Film powsta\u0142 w ramach programu INDEX Instytutu Dokumentacji i Interakcji sze\u015b\u0107 miesi\u0119cy po tym, jak Bohdan zosta\u0142 zwolniony z szereg\u00f3w Si\u0142 Zbrojnych Ukrainy z powodu obra\u017ce\u0144 odniesionych podczas kolejnego szturmu w Lesie Sieriebria\u0144skim niedaleko Kreminnej w obwodzie \u0142uga\u0144skim. Praca sk\u0142ada si\u0119 z sze\u015bciu fragment\u00f3w, zmontowanych z odnalezionych nagra\u0144 wideo i audio, kt\u00f3re rezonuj\u0105 z osobistymi do\u015bwiadczeniami artysty. Jest to swego rodzaju odpowied\u017a na pytanie, co oznacza powr\u00f3t do \u201e\u017cycia cywilnego\u201d dla Bohdana po trudnym zwrocie w jego w\u0142asnym do\u015bwiadczeniu, bez jasnego zrozumienia, jak do niego wraca\u0107. Jednocze\u015bnie praca wideo porusza tematyk\u0119 poczucia winy osoby, kt\u00f3ra prze\u017cy\u0142a wojn\u0119, oraz ci\u0119\u017caru odpowiedzialno\u015bci za tych, kt\u00f3rzy zgin\u0119li. Artysta patrzy na swoje do\u015bwiadczenie i poczucie osobistej odpowiedzialno\u015bci i obowi\u0105zku przez pryzmat w\u0142asnej wiary: tytu\u0142 pracy nawi\u0105zuje do w\u0105tku opisanego w Ksi\u0119dze Proroka Izajasza. Na pytanie Boga Izajasz odpowiada: \u201eOto ja, po\u015blij mnie!\u201d Pytanie zawarte w tytule filmu mo\u017cna skierowa\u0107 zar\u00f3wno do Ukrai\u0144c\u00f3w, jak i obcokrajowc\u00f3w \u2013 m\u00f3wi Bohdan.<\/p>\n\n\n\n<div class=\"wp-block-columns is-layout-flex wp-container-core-columns-is-layout-28f84493 wp-block-columns-is-layout-flex\">\n<div class=\"wp-block-column is-layout-flow wp-block-column-is-layout-flow\" style=\"flex-basis:100%\">\n<figure class=\"wp-block-image size-large\"><a href=\"https:\/\/labirynt.com\/voicesfromukraine\/wp-content\/uploads\/2025\/09\/bunchak-1.jpg\"><img loading=\"lazy\" decoding=\"async\" width=\"1024\" height=\"576\" src=\"https:\/\/labirynt.com\/voicesfromukraine\/wp-content\/uploads\/2025\/09\/bunchak-1-1024x576.jpg\" alt=\"\" class=\"wp-image-330\" srcset=\"https:\/\/labirynt.com\/voicesfromukraine\/wp-content\/uploads\/2025\/09\/bunchak-1-1024x576.jpg 1024w, https:\/\/labirynt.com\/voicesfromukraine\/wp-content\/uploads\/2025\/09\/bunchak-1-300x169.jpg 300w, https:\/\/labirynt.com\/voicesfromukraine\/wp-content\/uploads\/2025\/09\/bunchak-1-768x432.jpg 768w, https:\/\/labirynt.com\/voicesfromukraine\/wp-content\/uploads\/2025\/09\/bunchak-1-1536x864.jpg 1536w, https:\/\/labirynt.com\/voicesfromukraine\/wp-content\/uploads\/2025\/09\/bunchak-1.jpg 1920w\" sizes=\"auto, (max-width: 1024px) 100vw, 1024px\" \/><\/a><figcaption class=\"wp-element-caption\">Bohdan Bunchak, \u201eKto by Nam poszed\u0142?\u201d, 2024, wideo z d\u017awi\u0119kiem, 10\u2032<\/figcaption><\/figure>\n\n\n\n<figure class=\"wp-block-image size-large\"><a href=\"https:\/\/labirynt.com\/voicesfromukraine\/wp-content\/uploads\/2025\/09\/bunchak-2.jpg\"><img loading=\"lazy\" decoding=\"async\" width=\"1024\" height=\"576\" src=\"https:\/\/labirynt.com\/voicesfromukraine\/wp-content\/uploads\/2025\/09\/bunchak-2-1024x576.jpg\" alt=\"\" class=\"wp-image-331\" srcset=\"https:\/\/labirynt.com\/voicesfromukraine\/wp-content\/uploads\/2025\/09\/bunchak-2-1024x576.jpg 1024w, https:\/\/labirynt.com\/voicesfromukraine\/wp-content\/uploads\/2025\/09\/bunchak-2-300x169.jpg 300w, https:\/\/labirynt.com\/voicesfromukraine\/wp-content\/uploads\/2025\/09\/bunchak-2-768x432.jpg 768w, https:\/\/labirynt.com\/voicesfromukraine\/wp-content\/uploads\/2025\/09\/bunchak-2-1536x864.jpg 1536w, https:\/\/labirynt.com\/voicesfromukraine\/wp-content\/uploads\/2025\/09\/bunchak-2.jpg 1920w\" sizes=\"auto, (max-width: 1024px) 100vw, 1024px\" \/><\/a><figcaption class=\"wp-element-caption\">Bohdan Bunchak, \u201eKto by Nam poszed\u0142?\u201d, 2024, wideo z d\u017awi\u0119kiem, 10\u2032<\/figcaption><\/figure>\n\n\n\n<figure class=\"wp-block-image size-large\"><a href=\"https:\/\/labirynt.com\/voicesfromukraine\/wp-content\/uploads\/2025\/09\/bunchak-3.jpg\"><img loading=\"lazy\" decoding=\"async\" width=\"1024\" height=\"576\" src=\"https:\/\/labirynt.com\/voicesfromukraine\/wp-content\/uploads\/2025\/09\/bunchak-3-1024x576.jpg\" alt=\"\" class=\"wp-image-332\" srcset=\"https:\/\/labirynt.com\/voicesfromukraine\/wp-content\/uploads\/2025\/09\/bunchak-3-1024x576.jpg 1024w, https:\/\/labirynt.com\/voicesfromukraine\/wp-content\/uploads\/2025\/09\/bunchak-3-300x169.jpg 300w, https:\/\/labirynt.com\/voicesfromukraine\/wp-content\/uploads\/2025\/09\/bunchak-3-768x432.jpg 768w, https:\/\/labirynt.com\/voicesfromukraine\/wp-content\/uploads\/2025\/09\/bunchak-3-1536x864.jpg 1536w, https:\/\/labirynt.com\/voicesfromukraine\/wp-content\/uploads\/2025\/09\/bunchak-3.jpg 1920w\" sizes=\"auto, (max-width: 1024px) 100vw, 1024px\" \/><\/a><figcaption class=\"wp-element-caption\">Bohdan Bunchak, \u201eKto by Nam poszed\u0142?\u201d, 2024, wideo z d\u017awi\u0119kiem, 10\u2032<\/figcaption><\/figure>\n<\/div>\n<\/div>\n","protected":false},"excerpt":{"rendered":"<p>Bohdan Bunchak \u201eKto by Nam poszed\u0142?\u201d, 2024, wideo z d\u017awi\u0119kiem, 10\u2032 Film powsta\u0142 w ramach programu INDEX Instytutu Dokumentacji i Interakcji sze\u015b\u0107 miesi\u0119cy po tym, jak Bohdan zosta\u0142 zwolniony z szereg\u00f3w Si\u0142 Zbrojnych Ukrainy z powodu obra\u017ce\u0144 odniesionych podczas kolejnego szturmu w Lesie Sieriebria\u0144skim niedaleko Kreminnej w obwodzie \u0142uga\u0144skim. Praca sk\u0142ada si\u0119 z sze\u015bciu fragment\u00f3w, [&hellip;]<\/p>\n","protected":false},"author":1,"featured_media":332,"comment_status":"open","ping_status":"open","sticky":false,"template":"","format":"standard","meta":{"footnotes":""},"categories":[1],"tags":[],"class_list":["post-45","post","type-post","status-publish","format-standard","has-post-thumbnail","hentry","category-osoby-artystyczne"],"_links":{"self":[{"href":"https:\/\/labirynt.com\/voicesfromukraine\/wp-json\/wp\/v2\/posts\/45","targetHints":{"allow":["GET"]}}],"collection":[{"href":"https:\/\/labirynt.com\/voicesfromukraine\/wp-json\/wp\/v2\/posts"}],"about":[{"href":"https:\/\/labirynt.com\/voicesfromukraine\/wp-json\/wp\/v2\/types\/post"}],"author":[{"embeddable":true,"href":"https:\/\/labirynt.com\/voicesfromukraine\/wp-json\/wp\/v2\/users\/1"}],"replies":[{"embeddable":true,"href":"https:\/\/labirynt.com\/voicesfromukraine\/wp-json\/wp\/v2\/comments?post=45"}],"version-history":[{"count":4,"href":"https:\/\/labirynt.com\/voicesfromukraine\/wp-json\/wp\/v2\/posts\/45\/revisions"}],"predecessor-version":[{"id":353,"href":"https:\/\/labirynt.com\/voicesfromukraine\/wp-json\/wp\/v2\/posts\/45\/revisions\/353"}],"wp:featuredmedia":[{"embeddable":true,"href":"https:\/\/labirynt.com\/voicesfromukraine\/wp-json\/wp\/v2\/media\/332"}],"wp:attachment":[{"href":"https:\/\/labirynt.com\/voicesfromukraine\/wp-json\/wp\/v2\/media?parent=45"}],"wp:term":[{"taxonomy":"category","embeddable":true,"href":"https:\/\/labirynt.com\/voicesfromukraine\/wp-json\/wp\/v2\/categories?post=45"},{"taxonomy":"post_tag","embeddable":true,"href":"https:\/\/labirynt.com\/voicesfromukraine\/wp-json\/wp\/v2\/tags?post=45"}],"curies":[{"name":"wp","href":"https:\/\/api.w.org\/{rel}","templated":true}]}}