{"id":52,"date":"2025-09-25T22:34:29","date_gmt":"2025-09-25T20:34:29","guid":{"rendered":"https:\/\/labirynt.com\/voicesfromukraine\/?p=52"},"modified":"2025-10-20T15:46:48","modified_gmt":"2025-10-20T13:46:48","slug":"denys-pankratov","status":"publish","type":"post","link":"https:\/\/labirynt.com\/voicesfromukraine\/denys-pankratov\/","title":{"rendered":"Denys Pankratov"},"content":{"rendered":"\n<h2 class=\"wp-block-heading\"><strong>Denys Pankratov<\/strong><\/h2>\n\n\n\n<p><strong>\u201eOko, naprz\u00f3d!\u201d, 2023\u20132025, seria dokumentacji fotograficznych, 22 x 14 cm x 20 cm<\/strong><\/p>\n\n\n\n<p>Fotograficzne dokumentacje \u201eekspozyzyjek\u201d, jak nazywa je Denys, powsta\u0142y w tymczasowych punktach rozmieszczenia jednostek w strefach dzia\u0142a\u0144 wojennych. Te tymczasowe przestrzenie to miejsca, w kt\u00f3rych artysta przebywa\u0142 i mieszka\u0142 sam lub ze swoj\u0105 jednostk\u0105 podczas s\u0142u\u017cby w Powietrznodesantowych Si\u0142ach Zbrojnych Ukrainy w latach 2023\u20132025. Cz\u0119sto takimi punktami rozmieszczenia wojska s\u0105 opuszczone domy okolicznych mieszka\u0144c\u00f3w. Te sporadyczne \u201eekspozycyjki\u201d i interwencje w tymczasowej przestrzeni pobytu wojskowych sk\u0142adaj\u0105 si\u0119 z prac przyjaci\u00f3\u0142 artysty, fotografii lub wycink\u00f3w na temat wa\u017cnych dla niego miejsc lub wydarze\u0144, a tak\u017ce fragment\u00f3w \u017cycia innych os\u00f3b znalezionych w tych przestrzeniach \u2013 zdj\u0119\u0107 z czyjego\u015b archiwum rodzinnego, kredensu lub p\u0142\u00f3tna z namalowanymi kwiatami. Dokumentacja fotograficzna dokumentuje \u201eekspozycyjki\u201d z pracami samych przyjaci\u00f3\u0142, a tak\u017ce kontekst tych wystaw \u2013 fragmenty wn\u0119trz i same wystawy. \u201eEkspozycyjki\u201d, po\u0142\u0105czone w jeden projekt, uchwycaj\u0105 miejsca zlokalizowane we wsp\u00f3lnej przestrzeni oraz czas trwania wystaw. Nazwy miejscowo\u015bci, takie jak Oczeretyne czy Myrnograd w obwodzie donieckim, s\u0105 znane wielu Ukrai\u0144com z raport\u00f3w wojskowych jako miejsca aktywnych dzia\u0142a\u0144 wojennych.<\/p>\n\n\n\n<figure class=\"wp-block-image size-large\"><a href=\"https:\/\/labirynt.com\/voicesfromukraine\/wp-content\/uploads\/2025\/09\/DSC00072-scaled.jpg\"><img loading=\"lazy\" decoding=\"async\" width=\"1024\" height=\"683\" src=\"https:\/\/labirynt.com\/voicesfromukraine\/wp-content\/uploads\/2025\/09\/DSC00072-1024x683.jpg\" alt=\"\" class=\"wp-image-638\" srcset=\"https:\/\/labirynt.com\/voicesfromukraine\/wp-content\/uploads\/2025\/09\/DSC00072-1024x683.jpg 1024w, https:\/\/labirynt.com\/voicesfromukraine\/wp-content\/uploads\/2025\/09\/DSC00072-300x200.jpg 300w, https:\/\/labirynt.com\/voicesfromukraine\/wp-content\/uploads\/2025\/09\/DSC00072-768x512.jpg 768w, https:\/\/labirynt.com\/voicesfromukraine\/wp-content\/uploads\/2025\/09\/DSC00072-1536x1024.jpg 1536w, https:\/\/labirynt.com\/voicesfromukraine\/wp-content\/uploads\/2025\/09\/DSC00072-2048x1365.jpg 2048w\" sizes=\"auto, (max-width: 1024px) 100vw, 1024px\" \/><\/a><figcaption class=\"wp-element-caption\">Denys Pankratov, \u201eOko, naprz\u00f3d!\u201d, 2023\u20132025, seria fotodokumentacji, 22 \u0445 14 cm x 20 cm, fot. Wojciech Pacewicz<\/figcaption><\/figure>\n\n\n\n<figure class=\"wp-block-image size-large\"><a href=\"https:\/\/labirynt.com\/voicesfromukraine\/wp-content\/uploads\/2025\/09\/DSC00093-scaled.jpg\"><img loading=\"lazy\" decoding=\"async\" width=\"1024\" height=\"683\" src=\"https:\/\/labirynt.com\/voicesfromukraine\/wp-content\/uploads\/2025\/09\/DSC00093-1024x683.jpg\" alt=\"\" class=\"wp-image-640\" srcset=\"https:\/\/labirynt.com\/voicesfromukraine\/wp-content\/uploads\/2025\/09\/DSC00093-1024x683.jpg 1024w, https:\/\/labirynt.com\/voicesfromukraine\/wp-content\/uploads\/2025\/09\/DSC00093-300x200.jpg 300w, https:\/\/labirynt.com\/voicesfromukraine\/wp-content\/uploads\/2025\/09\/DSC00093-768x512.jpg 768w, https:\/\/labirynt.com\/voicesfromukraine\/wp-content\/uploads\/2025\/09\/DSC00093-1536x1024.jpg 1536w, https:\/\/labirynt.com\/voicesfromukraine\/wp-content\/uploads\/2025\/09\/DSC00093-2048x1365.jpg 2048w\" sizes=\"auto, (max-width: 1024px) 100vw, 1024px\" \/><\/a><figcaption class=\"wp-element-caption\">Denys Pankratov, \u201eOko, naprz\u00f3d!\u201d, 2023\u20132025, seria fotodokumentacji, 22 \u0445 14 cm x 20 cm, fot. Wojciech Pacewicz<\/figcaption><\/figure>\n","protected":false},"excerpt":{"rendered":"<p>Denys Pankratov \u201eOko, naprz\u00f3d!\u201d, 2023\u20132025, seria dokumentacji fotograficznych, 22 x 14 cm x 20 cm Fotograficzne dokumentacje \u201eekspozyzyjek\u201d, jak nazywa je Denys, powsta\u0142y w tymczasowych punktach rozmieszczenia jednostek w strefach dzia\u0142a\u0144 wojennych. Te tymczasowe przestrzenie to miejsca, w kt\u00f3rych artysta przebywa\u0142 i mieszka\u0142 sam lub ze swoj\u0105 jednostk\u0105 podczas s\u0142u\u017cby w Powietrznodesantowych Si\u0142ach Zbrojnych Ukrainy [&hellip;]<\/p>\n","protected":false},"author":1,"featured_media":638,"comment_status":"open","ping_status":"open","sticky":false,"template":"","format":"standard","meta":{"footnotes":""},"categories":[1],"tags":[],"class_list":["post-52","post","type-post","status-publish","format-standard","has-post-thumbnail","hentry","category-osoby-artystyczne"],"_links":{"self":[{"href":"https:\/\/labirynt.com\/voicesfromukraine\/wp-json\/wp\/v2\/posts\/52","targetHints":{"allow":["GET"]}}],"collection":[{"href":"https:\/\/labirynt.com\/voicesfromukraine\/wp-json\/wp\/v2\/posts"}],"about":[{"href":"https:\/\/labirynt.com\/voicesfromukraine\/wp-json\/wp\/v2\/types\/post"}],"author":[{"embeddable":true,"href":"https:\/\/labirynt.com\/voicesfromukraine\/wp-json\/wp\/v2\/users\/1"}],"replies":[{"embeddable":true,"href":"https:\/\/labirynt.com\/voicesfromukraine\/wp-json\/wp\/v2\/comments?post=52"}],"version-history":[{"count":2,"href":"https:\/\/labirynt.com\/voicesfromukraine\/wp-json\/wp\/v2\/posts\/52\/revisions"}],"predecessor-version":[{"id":641,"href":"https:\/\/labirynt.com\/voicesfromukraine\/wp-json\/wp\/v2\/posts\/52\/revisions\/641"}],"wp:featuredmedia":[{"embeddable":true,"href":"https:\/\/labirynt.com\/voicesfromukraine\/wp-json\/wp\/v2\/media\/638"}],"wp:attachment":[{"href":"https:\/\/labirynt.com\/voicesfromukraine\/wp-json\/wp\/v2\/media?parent=52"}],"wp:term":[{"taxonomy":"category","embeddable":true,"href":"https:\/\/labirynt.com\/voicesfromukraine\/wp-json\/wp\/v2\/categories?post=52"},{"taxonomy":"post_tag","embeddable":true,"href":"https:\/\/labirynt.com\/voicesfromukraine\/wp-json\/wp\/v2\/tags?post=52"}],"curies":[{"name":"wp","href":"https:\/\/api.w.org\/{rel}","templated":true}]}}