{"id":57,"date":"2025-09-25T22:37:40","date_gmt":"2025-09-25T20:37:40","guid":{"rendered":"https:\/\/labirynt.com\/voicesfromukraine\/?p=57"},"modified":"2025-10-16T11:25:14","modified_gmt":"2025-10-16T09:25:14","slug":"davyd-chychkan","status":"publish","type":"post","link":"https:\/\/labirynt.com\/voicesfromukraine\/davyd-chychkan\/","title":{"rendered":"Davyd Chychkan"},"content":{"rendered":"\n<h2 class=\"wp-block-heading\"><strong>Davyd Chychkan<\/strong><\/h2>\n\n\n\n<p><strong><strong>\u201e<\/strong>Minuta\u201d, 2025, wideo, 1\u201d<br>\u201eAntyautorytarne lewicowe si\u0142y zbrojne Ukrainy\u201d, 2023, rysunek akwarelowy, papier, akwarela, 109,8 x 75 cm<br>\u201eAntyautorytarne lewicowe si\u0142y zbrojne Ukrainy\u201d, 2023, rysunek akwarelowy, papier, akwarela, 50 x 70 cm<\/strong><\/p>\n\n\n\n<p>Davyd Chychkan, ukrai\u0144ski artysta, anarchista i mo\u017adzierzowiec w szeregach Si\u0142 Zbrojnych Ukrainy, zmar\u0142 9 sierpnia 2025 roku w wyniku ran odniesionych w bitwie na zaporoskim froncie. Davyd poszed\u0142 na wojn\u0119, poniewa\u017c ta decyzja by\u0142a organicznym wyrazem jego zasadniczej postawy krytycznej, kt\u00f3r\u0105 demonstrowa\u0142 w swojej sztuce i pogl\u0105dach politycznych. Zajmowa\u0142 si\u0119 grafik\u0105, malarstwem, plakatami, sztuk\u0105 uliczn\u0105 i performansem.<\/p>\n\n\n\n<p>Pozycjonuj\u0105c si\u0119 jako anarchista, Davyd pojmowa\u0142 ten ruch jako krytyczn\u0105 postaw\u0119 antyideologiczn\u0105, permanentn\u0105 rewolucj\u0119 \u015bwiadomo\u015bci i jej wyzwolenie. Artysta interpretowa\u0142 anarchizm jako nieod\u0142\u0105czn\u0105 cz\u0119\u015b\u0107 ukrai\u0144skiej my\u015bli politycznej i swoisty klucz do ukrai\u0144skiego projektu narodowego. W swojej tw\u00f3rczo\u015bci, odwo\u0142uj\u0105c si\u0119 do symbolicznych postaci ukrai\u0144skiej historii, uwa\u017canych za tw\u00f3rc\u00f3w ukrai\u0144skiej to\u017csamo\u015bci narodowej \u2013 Iwana Franki, Mychaj\u0142a Drahomanowa, \u0141esi Ukrainki \u2013 Davyd przypomina\u0142, \u017ce \u017ar\u00f3d\u0142a ukrai\u0144skiej idei narodowej przeplataj\u0105 si\u0119 z lewicowymi poszukiwaniami spo\u0142ecznymi.<\/p>\n\n\n\n<p>Seria akwarelowych arkuszy graficznych \u201eAntyautorytarne lewicowe si\u0142y zbrojne Ukrainy\u201d powsta\u0142a jako wyraz szacunku dla dzia\u0142aczy i dzia\u0142aczek anarchistycznych i antyautorytarnych ruch\u00f3w lewicowych w szeregach Si\u0142 Zbrojnych Ukrainy, Gwardii Narodowej Ukrainy i G\u0142\u00f3wnego Zarz\u0105du Wywiadowczego Ministerstwa Obrony Ukrainy. W tych pracach Davyd wyrazi\u0142 r\u00f3\u017cnorodno\u015b\u0107 ukrai\u0144skich si\u0142 zbrojnych i specyfik\u0119 ukrai\u0144skiej podmiotowo\u015bci, w szczeg\u00f3lno\u015bci jako \u015bwiadom\u0105 odpowiedzialno\u015b\u0107 ludzi uzbrojonych oraz imperatywny mandat ochrony Ukrainy i jej ludno\u015bci przed naje\u017ad\u017acami. Przeciwstawi\u0142 t\u0119 r\u00f3\u017cnorodno\u015b\u0107 rosyjskiej armii poborowych, w kt\u00f3rej jedyn\u0105 mo\u017cliw\u0105 pozycj\u0105 polityczn\u0105 mo\u017ce by\u0107 imperialno-faszystowska. Dla artysty istotna by\u0142a kontynuacja projektu narodowo-spo\u0142ecznego Ukrai\u0144skiej Republiki Ludowej i projektu Republiki Hulajpilskiej w nowoczesnej Ukrainie. Davyd stara\u0142 si\u0119 j\u0105 zdefiniowa\u0107 poprzez szczeg\u00f3ln\u0105 symbolik\u0119 barw i pozycj\u0119 polityczn\u0105 wojskowych, kt\u00f3rych portretowa\u0142. Portrety zbiorowe sk\u0142adaj\u0105 si\u0119 ze zdj\u0119\u0107, kt\u00f3re \u017co\u0142nierze opublikowali lub przes\u0142ali arty\u015bcie. We wsp\u00f3lnej przestrzeni artystycznej wyobra\u017ani, kt\u00f3ra jednocze\u015bnie okazuje si\u0119 polityczna, mogli odnale\u017a\u0107 si\u0119 wojskowi, kt\u00f3rzy w \u017cyciu realnym byli od siebie oddaleni. Davyd zaproponowa\u0142 uzupe\u0142nienie symboliki narodowej kolorami nios\u0105cymi \u0142adunek spo\u0142eczny i przywo\u0142uj\u0105cymi pami\u0119\u0107 o \u017ar\u00f3d\u0142ach ukrai\u0144skiej walki wyzwole\u0144czej z pocz\u0105tku ubieg\u0142ego wieku, dodaj\u0105c do \u017c\u00f3\u0142to-niebieskich barw czarny, r\u00f3\u017cowy i fioletowy, symbolizuj\u0105ce ruchy anarchistyczne, socjalistyczne oraz feministyczne.<\/p>\n\n\n\n<p>Dla mo\u017cliwo\u015bci kochania Ukrainy tak, jak kocha j\u0105 tylko on, dla tworzenia jej zgodnie z w\u0142asn\u0105 wizj\u0105 i warto\u015bciami, Davyd Chychkan poszed\u0142 na wojn\u0119. Zgin\u0105\u0142 ochraniaj\u0105c prawa do istnienia Ukrainy, w kt\u00f3rej ka\u017cdy mo\u017ce publicznie broni\u0107 swoich pogl\u0105d\u00f3w, w kt\u00f3rej mo\u017cliwa jest swobodna reprezentacja r\u00f3\u017cnorodno\u015bci \u2013 idei, kt\u00f3rych wsp\u00f3lnota europejska wci\u0105\u017c si\u0119 trzyma.<\/p>\n\n\n\n<figure class=\"wp-block-image size-large\"><a href=\"https:\/\/labirynt.com\/voicesfromukraine\/wp-content\/uploads\/2025\/09\/560461410_1234959718668171_4645245462494679302_n.jpg\"><img loading=\"lazy\" decoding=\"async\" width=\"696\" height=\"1024\" src=\"https:\/\/labirynt.com\/voicesfromukraine\/wp-content\/uploads\/2025\/09\/560461410_1234959718668171_4645245462494679302_n-696x1024.jpg\" alt=\"\" class=\"wp-image-395\" srcset=\"https:\/\/labirynt.com\/voicesfromukraine\/wp-content\/uploads\/2025\/09\/560461410_1234959718668171_4645245462494679302_n-696x1024.jpg 696w, https:\/\/labirynt.com\/voicesfromukraine\/wp-content\/uploads\/2025\/09\/560461410_1234959718668171_4645245462494679302_n-204x300.jpg 204w, https:\/\/labirynt.com\/voicesfromukraine\/wp-content\/uploads\/2025\/09\/560461410_1234959718668171_4645245462494679302_n.jpg 756w\" sizes=\"auto, (max-width: 696px) 100vw, 696px\" \/><\/a><figcaption class=\"wp-element-caption\">46. Davyd Chychkan, \u201eAntyautorytarne lewicowe si\u0142y zbrojne Ukrainy\u201d, 2023, rysunek akwarelowy, papier, akwarela, 109,8 x 75 cm<\/figcaption><\/figure>\n\n\n\n<figure class=\"wp-block-image size-large\"><a href=\"https:\/\/labirynt.com\/voicesfromukraine\/wp-content\/uploads\/2025\/09\/560083930_1234959738668169_7161193046109808159_n.jpg\"><img loading=\"lazy\" decoding=\"async\" width=\"1024\" height=\"737\" src=\"https:\/\/labirynt.com\/voicesfromukraine\/wp-content\/uploads\/2025\/09\/560083930_1234959738668169_7161193046109808159_n-1024x737.jpg\" alt=\"\" class=\"wp-image-397\" srcset=\"https:\/\/labirynt.com\/voicesfromukraine\/wp-content\/uploads\/2025\/09\/560083930_1234959738668169_7161193046109808159_n-1024x737.jpg 1024w, https:\/\/labirynt.com\/voicesfromukraine\/wp-content\/uploads\/2025\/09\/560083930_1234959738668169_7161193046109808159_n-300x216.jpg 300w, https:\/\/labirynt.com\/voicesfromukraine\/wp-content\/uploads\/2025\/09\/560083930_1234959738668169_7161193046109808159_n-768x553.jpg 768w, https:\/\/labirynt.com\/voicesfromukraine\/wp-content\/uploads\/2025\/09\/560083930_1234959738668169_7161193046109808159_n.jpg 1112w\" sizes=\"auto, (max-width: 1024px) 100vw, 1024px\" \/><\/a><figcaption class=\"wp-element-caption\">Davyd Chychkan, \u201eAntyautorytarne lewicowe si\u0142y zbrojne Ukrainy\u201d, 2023, rysunek akwarelowy, papier, akwarela, 50 x 70 cm<\/figcaption><\/figure>\n\n\n\n<figure class=\"wp-block-image size-large\"><a href=\"https:\/\/labirynt.com\/voicesfromukraine\/wp-content\/uploads\/2025\/09\/559719459_1234959385334871_264277903929429046_n.jpg\"><img loading=\"lazy\" decoding=\"async\" width=\"1024\" height=\"683\" src=\"https:\/\/labirynt.com\/voicesfromukraine\/wp-content\/uploads\/2025\/09\/559719459_1234959385334871_264277903929429046_n-1024x683.jpg\" alt=\"\" class=\"wp-image-396\" srcset=\"https:\/\/labirynt.com\/voicesfromukraine\/wp-content\/uploads\/2025\/09\/559719459_1234959385334871_264277903929429046_n-1024x683.jpg 1024w, https:\/\/labirynt.com\/voicesfromukraine\/wp-content\/uploads\/2025\/09\/559719459_1234959385334871_264277903929429046_n-300x200.jpg 300w, https:\/\/labirynt.com\/voicesfromukraine\/wp-content\/uploads\/2025\/09\/559719459_1234959385334871_264277903929429046_n-768x512.jpg 768w, https:\/\/labirynt.com\/voicesfromukraine\/wp-content\/uploads\/2025\/09\/559719459_1234959385334871_264277903929429046_n-1536x1025.jpg 1536w, https:\/\/labirynt.com\/voicesfromukraine\/wp-content\/uploads\/2025\/09\/559719459_1234959385334871_264277903929429046_n.jpg 2048w\" sizes=\"auto, (max-width: 1024px) 100vw, 1024px\" \/><\/a><figcaption class=\"wp-element-caption\">fot. Natalia Wierzbicka<\/figcaption><\/figure>\n","protected":false},"excerpt":{"rendered":"<p>Davyd Chychkan \u201eMinuta\u201d, 2025, wideo, 1\u201d\u201eAntyautorytarne lewicowe si\u0142y zbrojne Ukrainy\u201d, 2023, rysunek akwarelowy, papier, akwarela, 109,8 x 75 cm\u201eAntyautorytarne lewicowe si\u0142y zbrojne Ukrainy\u201d, 2023, rysunek akwarelowy, papier, akwarela, 50 x 70 cm Davyd Chychkan, ukrai\u0144ski artysta, anarchista i mo\u017adzierzowiec w szeregach Si\u0142 Zbrojnych Ukrainy, zmar\u0142 9 sierpnia 2025 roku w wyniku ran odniesionych w bitwie [&hellip;]<\/p>\n","protected":false},"author":1,"featured_media":397,"comment_status":"open","ping_status":"open","sticky":false,"template":"","format":"standard","meta":{"footnotes":""},"categories":[1],"tags":[],"class_list":["post-57","post","type-post","status-publish","format-standard","has-post-thumbnail","hentry","category-osoby-artystyczne"],"_links":{"self":[{"href":"https:\/\/labirynt.com\/voicesfromukraine\/wp-json\/wp\/v2\/posts\/57","targetHints":{"allow":["GET"]}}],"collection":[{"href":"https:\/\/labirynt.com\/voicesfromukraine\/wp-json\/wp\/v2\/posts"}],"about":[{"href":"https:\/\/labirynt.com\/voicesfromukraine\/wp-json\/wp\/v2\/types\/post"}],"author":[{"embeddable":true,"href":"https:\/\/labirynt.com\/voicesfromukraine\/wp-json\/wp\/v2\/users\/1"}],"replies":[{"embeddable":true,"href":"https:\/\/labirynt.com\/voicesfromukraine\/wp-json\/wp\/v2\/comments?post=57"}],"version-history":[{"count":3,"href":"https:\/\/labirynt.com\/voicesfromukraine\/wp-json\/wp\/v2\/posts\/57\/revisions"}],"predecessor-version":[{"id":399,"href":"https:\/\/labirynt.com\/voicesfromukraine\/wp-json\/wp\/v2\/posts\/57\/revisions\/399"}],"wp:featuredmedia":[{"embeddable":true,"href":"https:\/\/labirynt.com\/voicesfromukraine\/wp-json\/wp\/v2\/media\/397"}],"wp:attachment":[{"href":"https:\/\/labirynt.com\/voicesfromukraine\/wp-json\/wp\/v2\/media?parent=57"}],"wp:term":[{"taxonomy":"category","embeddable":true,"href":"https:\/\/labirynt.com\/voicesfromukraine\/wp-json\/wp\/v2\/categories?post=57"},{"taxonomy":"post_tag","embeddable":true,"href":"https:\/\/labirynt.com\/voicesfromukraine\/wp-json\/wp\/v2\/tags?post=57"}],"curies":[{"name":"wp","href":"https:\/\/api.w.org\/{rel}","templated":true}]}}